{"id":11459,"date":"2026-04-27T12:56:06","date_gmt":"2026-04-27T10:56:06","guid":{"rendered":"https:\/\/www.univ-sba.dz\/snv\/?p=11459"},"modified":"2026-04-27T12:56:06","modified_gmt":"2026-04-27T10:56:06","slug":"sortie-pedagogique-de-terrain","status":"publish","type":"post","link":"https:\/\/www.univ-sba.dz\/snv\/fr\/sortie-pedagogique-de-terrain\/","title":{"rendered":"Sortie p\u00e9dagogique de terrain"},"content":{"rendered":"\n<h2 class=\"wp-block-heading\">Sortie p\u00e9dagogique de terrain<\/h2>\n\n\n\n<p class=\"has-medium-font-size\">Dans le cadre du renforcement de la formation pratique et de l\u2019ouverture sur le milieu professionnel, la Facult\u00e9 des Sciences de la Nature et de la Vie a organis\u00e9, le <strong>20 avril 2026<\/strong>, une sortie p\u00e9dagogique au profit des \u00e9tudiants de Master 1 et 2, sp\u00e9cialit\u00e9 \u00c9cologie des Milieux Naturels, vers plusieurs \u00e9tablissements scientifiques et professionnels \u00e0 B\u00e9ni Saf.<\/p>\n\n\n\n<p class=\"has-medium-font-size\">Cette visite a permis aux \u00e9tudiants d\u2019approfondir leurs connaissances sur les \u00e9cosyst\u00e8mes marins, de d\u00e9couvrir les techniques de recherche et de d\u00e9veloppement dans le domaine de la p\u00eache et de l\u2019aquaculture, ainsi que de relier la th\u00e9orie \u00e0 la pratique.<\/p>\n\n\n\n<p class=\"has-medium-font-size\">Nos remerciements aux \u00e9tablissements d\u2019accueil ainsi qu\u2019\u00e0 tous les encadreurs ayant contribu\u00e9 \u00e0 la r\u00e9ussite de cette sortie.<\/p>\n\n\n\n<figure class=\"wp-block-video\"><video height=\"1080\" style=\"aspect-ratio: 1920 \/ 1080;\" width=\"1920\" controls src=\"https:\/\/www.univ-sba.dz\/snv\/wp-content\/uploads\/2026\/04\/Presentation2-1.mp4\"><\/video><\/figure>\n<div style=\"margin: 20px 0;\"><div class=\"qrcswholewtapper\" style=\"text-align:left;\"><div class=\"qrcprowrapper\"  id=\"qrcwraa2leds\"><div class=\"qrc_canvass\" id=\"qrc_cuttenpages_2\" style=\"display:inline-block\" data-text=\"https:\/\/www.univ-sba.dz\/snv\/fr\/sortie-pedagogique-de-terrain\/\"><\/div><div><a download=\"Sortie p\u00e9dagogique de terrain.png\" class=\"qrcdownloads\" id=\"worign\">\r\n           <button type=\"button\" style=\"min-width:200px;background:#44d813;color:#000;font-weight: 600;border: 1px solid #44d813;border-radius:20px;font-size:12px;padding: 6px 0;\" class=\"uqr_code_btn\">Download QR \ud83e\udc7b<\/button>\r\n           <\/a><\/div><\/div><\/div><\/div>","protected":false},"excerpt":{"rendered":"<p>Sortie p\u00e9dagogique de terrain Dans le cadre du renforcement de la formation pratique et de l\u2019ouverture sur le milieu professionnel, la Facult\u00e9 des Sciences de la Nature et de la Vie a organis\u00e9, le 20 avril 2026, une sortie p\u00e9dagogique au profit des \u00e9tudiants de Master 1 et 2, sp\u00e9cialit\u00e9 \u00c9cologie des Milieux Naturels, vers [&hellip;]<\/p>\n","protected":false},"author":3,"featured_media":11457,"comment_status":"closed","ping_status":"closed","sticky":false,"template":"","format":"standard","meta":{"_uag_custom_page_level_css":"","postBodyCss":"","postBodyMargin":[],"postBodyPadding":[],"postBodyBackground":{"backgroundType":"classic","gradient":""},"site-sidebar-layout":"default","site-content-layout":"","ast-site-content-layout":"default","site-content-style":"default","site-sidebar-style":"default","ast-global-header-display":"","ast-banner-title-visibility":"","ast-main-header-display":"","ast-hfb-above-header-display":"","ast-hfb-below-header-display":"","ast-hfb-mobile-header-display":"","site-post-title":"disabled","ast-breadcrumbs-content":"","ast-featured-img":"disabled","footer-sml-layout":"","ast-disable-related-posts":"","theme-transparent-header-meta":"","adv-header-id-meta":"","stick-header-meta":"","header-above-stick-meta":"","header-main-stick-meta":"","header-below-stick-meta":"","astra-migrate-meta-layouts":"set","ast-page-background-enabled":"default","ast-page-background-meta":{"desktop":{"background-color":"var(--ast-global-color-4)","background-image":"","background-repeat":"repeat","background-position":"center center","background-size":"auto","background-attachment":"scroll","background-type":"","background-media":"","overlay-type":"","overlay-color":"","overlay-opacity":"","overlay-gradient":""},"tablet":{"background-color":"","background-image":"","background-repeat":"repeat","background-position":"center center","background-size":"auto","background-attachment":"scroll","background-type":"","background-media":"","overlay-type":"","overlay-color":"","overlay-opacity":"","overlay-gradient":""},"mobile":{"background-color":"","background-image":"","background-repeat":"repeat","background-position":"center center","background-size":"auto","background-attachment":"scroll","background-type":"","background-media":"","overlay-type":"","overlay-color":"","overlay-opacity":"","overlay-gradient":""}},"ast-content-background-meta":{"desktop":{"background-color":"var(--ast-global-color-5)","background-image":"","background-repeat":"repeat","background-position":"center center","background-size":"auto","background-attachment":"scroll","background-type":"","background-media":"","overlay-type":"","overlay-color":"","overlay-opacity":"","overlay-gradient":""},"tablet":{"background-color":"var(--ast-global-color-5)","background-image":"","background-repeat":"repeat","background-position":"center center","background-size":"auto","background-attachment":"scroll","background-type":"","background-media":"","overlay-type":"","overlay-color":"","overlay-opacity":"","overlay-gradient":""},"mobile":{"background-color":"var(--ast-global-color-5)","background-image":"","background-repeat":"repeat","background-position":"center center","background-size":"auto","background-attachment":"scroll","background-type":"","background-media":"","overlay-type":"","overlay-color":"","overlay-opacity":"","overlay-gradient":""}},"footnotes":""},"categories":[152],"tags":[],"class_list":["post-11459","post","type-post","status-publish","format-standard","has-post-thumbnail","hentry","category-activites-scientifiques"],"uagb_featured_image_src":{"full":["https:\/\/www.univ-sba.dz\/snv\/wp-content\/uploads\/2026\/04\/3.jpg",620,440,false],"thumbnail":["https:\/\/www.univ-sba.dz\/snv\/wp-content\/uploads\/2026\/04\/3-200x300.jpg",200,300,true],"medium":["https:\/\/www.univ-sba.dz\/snv\/wp-content\/uploads\/2026\/04\/3-300x213.jpg",300,213,true],"medium_large":["https:\/\/www.univ-sba.dz\/snv\/wp-content\/uploads\/2026\/04\/3.jpg",620,440,false],"large":["https:\/\/www.univ-sba.dz\/snv\/wp-content\/uploads\/2026\/04\/3.jpg",620,440,false],"1536x1536":["https:\/\/www.univ-sba.dz\/snv\/wp-content\/uploads\/2026\/04\/3.jpg",620,440,false],"2048x2048":["https:\/\/www.univ-sba.dz\/snv\/wp-content\/uploads\/2026\/04\/3.jpg",620,440,false]},"uagb_author_info":{"display_name":"admfsnv","author_link":"https:\/\/www.univ-sba.dz\/snv\/author\/admfsnv\/"},"uagb_comment_info":0,"uagb_excerpt":"Sortie p\u00e9dagogique de terrain Dans le cadre du renforcement de la formation pratique et de l\u2019ouverture sur le milieu professionnel, la Facult\u00e9 des Sciences de la Nature et de la Vie a organis\u00e9, le 20 avril 2026, une sortie p\u00e9dagogique au profit des \u00e9tudiants de Master 1 et 2, sp\u00e9cialit\u00e9 \u00c9cologie des Milieux Naturels, vers\u2026","rttpg_featured_image_url":{"full":["https:\/\/www.univ-sba.dz\/snv\/wp-content\/uploads\/2026\/04\/3.jpg",620,440,false],"landscape":["https:\/\/www.univ-sba.dz\/snv\/wp-content\/uploads\/2026\/04\/3.jpg",620,440,false],"portraits":["https:\/\/www.univ-sba.dz\/snv\/wp-content\/uploads\/2026\/04\/3.jpg",620,440,false],"thumbnail":["https:\/\/www.univ-sba.dz\/snv\/wp-content\/uploads\/2026\/04\/3-200x300.jpg",200,300,true],"medium":["https:\/\/www.univ-sba.dz\/snv\/wp-content\/uploads\/2026\/04\/3-300x213.jpg",300,213,true],"large":["https:\/\/www.univ-sba.dz\/snv\/wp-content\/uploads\/2026\/04\/3.jpg",620,440,false],"1536x1536":["https:\/\/www.univ-sba.dz\/snv\/wp-content\/uploads\/2026\/04\/3.jpg",620,440,false],"2048x2048":["https:\/\/www.univ-sba.dz\/snv\/wp-content\/uploads\/2026\/04\/3.jpg",620,440,false]},"rttpg_author":{"display_name":"admfsnv","author_link":"https:\/\/www.univ-sba.dz\/snv\/author\/admfsnv\/"},"rttpg_comment":0,"rttpg_category":"<a href=\"https:\/\/www.univ-sba.dz\/snv\/fr\/category\/activites-scientifiques\/\" rel=\"category tag\">ACTIVIT\u00c9S SCIENTIFIQUES<\/a>","rttpg_excerpt":"Sortie p\u00e9dagogique de terrain Dans le cadre du renforcement de la formation pratique et de l\u2019ouverture sur le milieu professionnel, la Facult\u00e9 des Sciences de la Nature et de la Vie a organis\u00e9, le 20 avril 2026, une sortie p\u00e9dagogique au profit des \u00e9tudiants de Master 1 et 2, sp\u00e9cialit\u00e9 \u00c9cologie des Milieux Naturels, vers\u2026","_links":{"self":[{"href":"https:\/\/www.univ-sba.dz\/snv\/wp-json\/wp\/v2\/posts\/11459","targetHints":{"allow":["GET"]}}],"collection":[{"href":"https:\/\/www.univ-sba.dz\/snv\/wp-json\/wp\/v2\/posts"}],"about":[{"href":"https:\/\/www.univ-sba.dz\/snv\/wp-json\/wp\/v2\/types\/post"}],"author":[{"embeddable":true,"href":"https:\/\/www.univ-sba.dz\/snv\/wp-json\/wp\/v2\/users\/3"}],"replies":[{"embeddable":true,"href":"https:\/\/www.univ-sba.dz\/snv\/wp-json\/wp\/v2\/comments?post=11459"}],"version-history":[{"count":1,"href":"https:\/\/www.univ-sba.dz\/snv\/wp-json\/wp\/v2\/posts\/11459\/revisions"}],"predecessor-version":[{"id":11460,"href":"https:\/\/www.univ-sba.dz\/snv\/wp-json\/wp\/v2\/posts\/11459\/revisions\/11460"}],"wp:featuredmedia":[{"embeddable":true,"href":"https:\/\/www.univ-sba.dz\/snv\/wp-json\/wp\/v2\/media\/11457"}],"wp:attachment":[{"href":"https:\/\/www.univ-sba.dz\/snv\/wp-json\/wp\/v2\/media?parent=11459"}],"wp:term":[{"taxonomy":"category","embeddable":true,"href":"https:\/\/www.univ-sba.dz\/snv\/wp-json\/wp\/v2\/categories?post=11459"},{"taxonomy":"post_tag","embeddable":true,"href":"https:\/\/www.univ-sba.dz\/snv\/wp-json\/wp\/v2\/tags?post=11459"}],"curies":[{"name":"wp","href":"https:\/\/api.w.org\/{rel}","templated":true}]}}